{"id":725,"date":"2013-12-30T12:59:33","date_gmt":"2013-12-30T10:59:33","guid":{"rendered":"http:\/\/109.163.208.140\/~tulkaaka\/wordpress\/?p=725"},"modified":"2014-03-28T22:10:15","modified_gmt":"2014-03-28T20:10:15","slug":"tidigare-evenemang-2005-2013","status":"publish","type":"post","link":"https:\/\/tulkaakaikki.net\/sv\/tidigare-evenemang-2005-2013\/","title":{"rendered":"Tidigare evenemang (2005-2013)"},"content":{"rendered":"<table>\n<tbody>\n<tr>\n<td>4.12.2013<\/td>\n<td><strong>Julbrevet (4\/2013) s\u00e4ndes<\/strong><\/td>\n<\/tr>\n<tr>\n<td><\/td>\n<td>R\u00f6relsens julbrev (4\/2013) s\u00e4ndes till dem som uppgett e-postadress.\u00a0<a href=\"http:\/\/www.tulkaakaikki.net\/email.cgi?u=tulkaakaikki;d=tuomela.net\"><br \/>\n<\/a><\/td>\n<\/tr>\n<tr>\n<td>8.10.2013<\/td>\n<td><strong>Pressmeddelande: Vad \u00e4r viktigast i missionen? Missionchefer g\u00e4ster hos r\u00f6relsen Kom alla<\/strong><\/td>\n<\/tr>\n<tr>\n<td><\/td>\n<td>Den kyrkliga f\u00f6rnyelser\u00f6relsen Kom alla f\u00e5r bes\u00f6k av chefer f\u00f6r kyrkans missionsorganisationer. Vid en samling l\u00f6rdag 26.10 kl 13.00 &#8211; 15.30 i Alph\u00f6jdens kyrka i Helsingfors talar missionchefer och kyrkans missionssekreterare \u00f6ver \u00e4mnet &#8220;Vad \u00e4r viktigast f\u00f6r mig i missionen&#8221;.\u00a0<a href=\"http:\/\/www.tulkaakaikki.net\/meddelande08102013.html\"><br \/>\n<\/a><\/td>\n<\/tr>\n<tr>\n<td>22.9.2013<\/td>\n<td><strong>H\u00f6stbrevet (3\/2013) s\u00e4ndes<\/strong><\/td>\n<\/tr>\n<tr>\n<td><\/td>\n<td>R\u00f6relsens h\u00f6stbrev (3\/2013) s\u00e4ndes till dem som uppgett e-postadress.\u00a0<a href=\"http:\/\/www.tulkaakaikki.net\/email.cgi?u=tulkaakaikki;d=tuomela.net\"><br \/>\n<\/a><\/td>\n<\/tr>\n<tr>\n<td>7.5.2013<\/td>\n<td><strong>Sommarrbrevet (2\/2013) s\u00e4ndes<\/strong><\/td>\n<\/tr>\n<tr>\n<td><\/td>\n<td>R\u00f6relsens sommarbrev (2\/2013) s\u00e4ndes till dem som uppgett e-postadress.\u00a0<a href=\"http:\/\/www.tulkaakaikki.net\/email.cgi?u=tulkaakaikki;d=tuomela.net\"><br \/>\n<\/a><\/td>\n<\/tr>\n<tr>\n<td>8.3.2013<\/td>\n<td><strong>V\u00e5rbrevet (1\/2013) s\u00e4ndes<\/strong><\/td>\n<\/tr>\n<tr>\n<td><\/td>\n<td>R\u00f6relsens v\u00e5rbrev (1\/2013) s\u00e4ndes till dem som uppgett e-postadress.\u00a0<a href=\"http:\/\/www.tulkaakaikki.net\/email.cgi?u=tulkaakaikki;d=tuomela.net\"><br \/>\n<\/a><\/td>\n<\/tr>\n<tr>\n<td>10.12.2012<\/td>\n<td><strong>Julbrevet (4\/2012) s\u00e4ndes<\/strong><\/td>\n<\/tr>\n<tr>\n<td><\/td>\n<td>R\u00f6relsens julbrev (4\/2012) s\u00e4ndes till dem som uppgett e-postadress.\u00a0<a href=\"http:\/\/www.tulkaakaikki.net\/email.cgi?u=tulkaakaikki;d=tuomela.net\"><br \/>\n<\/a><\/td>\n<\/tr>\n<tr>\n<td>27.9.2012<\/td>\n<td><strong>H\u00f6stbrevet (3\/2012) s\u00e4ndes<\/strong><\/td>\n<\/tr>\n<tr>\n<td><\/td>\n<td>R\u00f6relsens h\u00f6stbrev (3\/2012) s\u00e4ndes till dem som uppgett e-postadress.\u00a0<a href=\"http:\/\/www.tulkaakaikki.net\/email.cgi?u=tulkaakaikki;d=tuomela.net\"><br \/>\n<\/a><\/td>\n<\/tr>\n<tr>\n<td>17.6.2012<\/td>\n<td><strong>Sommarbrevet (2\/2012) s\u00e4ndes<\/strong><\/td>\n<\/tr>\n<tr>\n<td><\/td>\n<td>R\u00f6relsens sommarbrev (2\/2012) s\u00e4ndes till dem som uppgett e-postadress.\u00a0<a href=\"http:\/\/www.tulkaakaikki.net\/email.cgi?u=tulkaakaikki;d=tuomela.net\">Meddela<\/a>\u00a0om du inte har f\u00e5tt brevet.<\/td>\n<\/tr>\n<tr>\n<td>16.3.2012<\/td>\n<td><strong>V\u00e5rbrevet (1\/2012) s\u00e4ndes<\/strong><\/td>\n<\/tr>\n<tr>\n<td><\/td>\n<td>R\u00f6relsens v\u00e5rbrev (1\/2012) s\u00e4ndes till dem som uppgett e-postadress.\u00a0<a href=\"http:\/\/www.tulkaakaikki.net\/email.cgi?u=tulkaakaikki;d=tuomela.net\"><br \/>\n<\/a><\/td>\n<\/tr>\n<tr>\n<td>15.2.2012<\/td>\n<td><strong>Pressmeddelande: Reformv\u00e4nliga gick fram\u00e5t i kyrkom\u00f6tesvalet<\/strong><\/td>\n<\/tr>\n<tr>\n<td><\/td>\n<td>R\u00f6relsen Kom alla och andra reformv\u00e4nliga listor gick fram\u00e5t i valet av kyrkom\u00f6te och stiftsfullm\u00e4ktige 13.2, i synnerhet i Helsingfors och Esbo stift. I Borg\u00e5 stift \u00f6kade de konservativa d\u00e4remot sin representation i kyrkom\u00f6tet fr\u00e5n tv\u00e5 till tre ombud. I stiftsfullm\u00e4ktige i Borg\u00e5 stift invaldes en lekman och en pr\u00e4st som st\u00f6der r\u00f6relsen Kom alla.<a href=\"http:\/\/www.tulkaakaikki.net\/meddelande15022012.html\"><br \/>\n<\/a><\/td>\n<\/tr>\n<tr>\n<td>13.2.2012<\/td>\n<td><strong>Val av ombud i kyrkom\u00f6tet och ledam\u00f6ter i stiftsfullm\u00e4ktige<\/strong><\/td>\n<\/tr>\n<tr>\n<td>6.2.2012<\/td>\n<td><strong>Pressmeddelande: R\u00f6relsen Kom alla har \u00f6ver 100 kandidater i kyrkovalet<\/strong><\/td>\n<\/tr>\n<tr>\n<td><\/td>\n<td>Den kyrkliga reformr\u00f6relsen Kom alla har \u00f6ver hundra kandidater p\u00e5 sin webbplats inf\u00f6r valet av kyrkom\u00f6te och stiftsfullm\u00e4ktige den 13 februari. I Borg\u00e5 st\u00e4ller sex kandidater upp f\u00f6r r\u00f6relsen. I Helsingfors stift har Kom alla egna kandidatlistor f\u00f6r b\u00e5de pr\u00e4ster och lekm\u00e4n. I de \u00f6vriga stiften st\u00e4ller kandidater som st\u00f6der r\u00f6relsens m\u00e5ls\u00e4ttningar upp p\u00e5 m\u00e5nga olika listor.<a href=\"http:\/\/www.tulkaakaikki.net\/meddelande06022012.html\"><br \/>\n<\/a><\/td>\n<\/tr>\n<tr>\n<td>12.1.2012<\/td>\n<td><strong>Valsida inf\u00f6r valet av kyrkom\u00f6tet och stiftsfullm\u00e4ktige \u00f6ppnades<\/strong><\/td>\n<\/tr>\n<tr>\n<td><\/td>\n<td>P\u00e5\u00a0finns nu information om valet, de kandidater vi rekommenderar i stiften och personliga inl\u00e4gg av kandidater.\u00a0<a href=\"http:\/\/www.tulkaakaikki.net\/vaalit2012.html\"><br \/>\n<\/a><\/td>\n<\/tr>\n<tr>\n<td>21.11.2011<\/td>\n<td><strong>Julbrevet (4\/2011) s\u00e4ndes<\/strong><\/td>\n<\/tr>\n<tr>\n<td><\/td>\n<td>R\u00f6relsens julbrev (4\/2011) s\u00e4ndes till dem som uppgett e-postadress.\u00a0<a href=\"http:\/\/www.tulkaakaikki.net\/email.cgi?u=tulkaakaikki;d=tuomela.net\"><br \/>\n<\/a><\/td>\n<\/tr>\n<tr>\n<td>30.11.2011<\/td>\n<td><strong>Pressmeddelande 30.11.2011: R\u00f6relsen Kom alla tror p\u00e5 f\u00f6rnyelse i kyrkom\u00f6tet<\/strong><\/td>\n<\/tr>\n<tr>\n<td><\/td>\n<td>D\u00e5 deltagandet i f\u00f6rsamlingsvalet f\u00f6r tv\u00e5 \u00e5r sedan blev livligare och m\u00e5nga reformv\u00e4nliga f\u00f6rtroendevalda invaldes kommer ocks\u00e5 kyrkom\u00f6tets sammans\u00e4ttning att f\u00f6rnyas, tror r\u00f6relsen Kom alla. Den 13 februari n\u00e4sta \u00e5r v\u00e4ljs nytt kyrkom\u00f6te och stiftsfullm\u00e4ktige i de nio stiften. Valet f\u00f6rr\u00e4ttas av pr\u00e4sterna och de f\u00f6rtroendevalda i f\u00f6rsamlingarna.<\/td>\n<\/tr>\n<tr>\n<td>15.10.2011<\/td>\n<td><strong>H\u00f6stens tematr\u00e4ff i Helsingfors<\/strong><\/td>\n<\/tr>\n<tr>\n<td><\/td>\n<td>Tematr\u00e4ff inf\u00f6r kyrkom\u00f6tesvalet 15.10 kl 13 i Caf\u00e9 Agricola, Fabriksgatan 23, Helsingfors.<\/td>\n<\/tr>\n<tr>\n<td>5.9.2011<\/td>\n<td><strong>H\u00f6stbrevet (3\/2011) s\u00e4ndes<\/strong><\/td>\n<\/tr>\n<tr>\n<td><\/td>\n<td>R\u00f6relsens h\u00f6stbrev (3\/2011) s\u00e4ndes till dem som uppgett e-postadress.\u00a0<a href=\"mailto:tulkaakaikki(at)tuomela.net\"><br \/>\n<\/a><\/td>\n<\/tr>\n<tr>\n<td>1.6.2011<\/td>\n<td><strong>R\u00f6relsens faktasida om valet 2012 publicerades<\/strong><\/td>\n<\/tr>\n<tr>\n<td><\/td>\n<td>F\u00f6rberedelserna f\u00f6r valet av kyrkom\u00f6te och stiftsfullm\u00e4ktige 2012 har b\u00f6rjat.\u00a0<a href=\"http:\/\/www.tulkaakaikki.net\/valet2012.html\"><br \/>\n<\/a><\/td>\n<\/tr>\n<tr>\n<td>2.5.2011<\/td>\n<td><strong>Sommarbrevet (2\/2011) s\u00e4ndes<\/strong><\/td>\n<\/tr>\n<tr>\n<td><\/td>\n<td>R\u00f6relsens sommarbrev (2\/2011) s\u00e4ndes till dem som uppgett e-postadress.\u00a0<a href=\"mailto:tulkaakaikki(at)tuomela.net\"><br \/>\n<\/a><\/td>\n<\/tr>\n<tr>\n<td>3.2.2011<\/td>\n<td><strong>Vinterbrevet (1\/2011) s\u00e4ndes<\/strong><\/td>\n<\/tr>\n<tr>\n<td><\/td>\n<td>R\u00f6relsens vinterbrev (1\/2011) s\u00e4ndes till dem som uppgett e-postadress.\u00a0<a href=\"mailto:tulkaakaikki(at)tuomela.net\"><br \/>\n<\/a><\/td>\n<\/tr>\n<tr>\n<td>7.12.2010<\/td>\n<td><strong>Adventbrevet (5\/2010) s\u00e4ndes<\/strong><\/td>\n<\/tr>\n<tr>\n<td><\/td>\n<td>R\u00f6relsens adventbrev (5\/2010) s\u00e4ndes till dem som uppgett e-postadress.\u00a0<a href=\"mailto:tulkaakaikki(at)tuomela.net\"><br \/>\n<\/a><\/td>\n<\/tr>\n<tr>\n<td>18.11.2010<\/td>\n<td><strong>Regnb\u00e5gsv\u00e4nliga f\u00f6rtroendevalda i Borg\u00e5 stift<\/strong><\/td>\n<\/tr>\n<tr>\n<td><\/td>\n<td>V\u00e4ljarna i Borg\u00e5 stift f\u00f6redrog regnb\u00e5gsv\u00e4nliga kandidater i f\u00f6rsamlingsvalet. Bland de nya f\u00f6rtroendevalda som svarat p\u00e5 en fr\u00e5ga om samk\u00f6nade par i kyrkans kandidattest \u00e4r 60 procent f\u00f6r v\u00e4lsignelse eller f\u00f6rb\u00f6n, medan andelen var 56 procent bland kandidaterna. Tio procent vill inte ha vare sig v\u00e4lsignelse eller f\u00f6rb\u00f6n. Av de kandidater som inte svarade p\u00e5 testet invaldes 30 procent, medan de var 34 av kandidaterna.<\/td>\n<\/tr>\n<tr>\n<td>15.11.2010<\/td>\n<td><strong>Tulkaa kaikki -liikkeen vaalivalvojaiset<\/strong><\/td>\n<\/tr>\n<tr>\n<td><\/td>\n<td>Tulkaa kaikki -liikkeen vaalivalvojaiset j\u00e4rjestet\u00e4\u00e4n ma 15.11. klo 19.00 alkaen Hotelli Helkan ravintolassa, Helkan keitti\u00f6ss\u00e4 (Pohjoinen Rautatiekatu 23, Helsinki). Kaikki mainostamamme ehdokkaat, kannattajat ja vaality\u00f6t\u00e4 tehneet, tervetuloa!<\/td>\n<\/tr>\n<tr>\n<td>14.11. eller<br \/>\n14.-15.11.2010<\/td>\n<td><strong>F\u00f6rsamlingsvalet<\/strong><\/td>\n<\/tr>\n<tr>\n<td>1.-5.11.2010<\/td>\n<td><strong>F\u00f6rhandsr\u00f6stningen i f\u00f6rsamlingsvalet<\/strong><\/td>\n<\/tr>\n<tr>\n<td>1.11.2010<\/td>\n<td><strong>Riksomfattande valkampanj inleds<\/strong><\/td>\n<\/tr>\n<tr>\n<td><\/td>\n<td>R\u00f6relsen Kom alla inleder sin riksomfattande valkampanj m\u00e5ndag 1.11 kl 17-18 i Helsingfors vid Glaspalatset i h\u00f6rnet av Mannerheimv\u00e4gen och Simonsgatan. Bland de medverkande finns minister Tuija Brax, redakt\u00f6r Johanna Korhonen och komposit\u00f6r Petri Laaksonen. Kandidater och v\u00e4ljare varmt v\u00e4lkomna!<\/td>\n<\/tr>\n<tr>\n<td>22.10.2010<\/td>\n<td><strong>Ljusdemonstration f\u00f6r en mera frisinnad kristendom<\/strong><\/td>\n<\/tr>\n<tr>\n<td><\/td>\n<td>Fredag 22.10.2010 kl 17 h\u00e5lls en ljusdemonstration f\u00f6r en mera frisinnad kristendom i Helsingfors p\u00e5 Narinken framf\u00f6r Kampcentret, Urho Kekkonens gata 1. Ta med ett ljus eller en lykta. Pr\u00e4ster och diakoner g\u00e4rna i tj\u00e4nstedr\u00e4kt. \u00d6verallt i st\u00e4der och byar runtom i landet, ocks\u00e5 p\u00e5 den egna g\u00e5rden kan du t\u00e4nda ett ljus kl 17-17.30 och ansluta dig till skaran. Demonstrationen arrangeras av r\u00f6relsen En kristen f\u00f6rd\u00f6mer inte k\u00e4rlek.<\/td>\n<\/tr>\n<tr>\n<td>21.10.2010<\/td>\n<td><strong>Valbrevet 4\/2010 s\u00e4ndes<\/strong><\/td>\n<\/tr>\n<tr>\n<td><\/td>\n<td>R\u00f6relsens rundbrev 4\/2010 s\u00e4ndes till dem som uppgett e-postadress.\u00a0<a href=\"mailto:tulkaakaikki(at)tuomela.net\"><br \/>\n<\/a><\/td>\n<\/tr>\n<tr>\n<td>18.10.2010<\/td>\n<td><strong>Pressmeddelande om r\u00f6relsens valkampanj utvidgadede finska valsidor<\/strong><\/td>\n<\/tr>\n<tr>\n<td><\/td>\n<td>Den kyrkliga reformr\u00f6relsen Kom alla vill att kyrkan verkar effektivare f\u00f6r de sexuella minoriteternas och k\u00f6nsminoriteternas j\u00e4mst\u00e4lldhet. I h\u00f6stens f\u00f6rsamlingsval v\u00e4ljs kyrkliga beslutasfattare f\u00f6r fyra \u00e5r fram\u00e5t.\u00a0<a href=\"http:\/\/www.tulkaakaikki.net\/vaalit2010.html\"><br \/>\n<\/a><\/td>\n<\/tr>\n<tr>\n<td>18.10.2010<\/td>\n<td><strong>Diskussionen on k\u00f6nsneutralt \u00e4ktenskap och kyrkans vigselr\u00e4tt<\/strong><\/td>\n<\/tr>\n<tr>\n<td><\/td>\n<td><a href=\"http:\/\/www.tulkaakaikki.net\/diskussionen.html\">\u00a0<\/a><\/td>\n<\/tr>\n<tr>\n<td>28.8.2010<\/td>\n<td><strong>H\u00f6stbrevet 3\/2010 s\u00e4ndes<\/strong><\/td>\n<\/tr>\n<tr>\n<td><\/td>\n<td>R\u00f6relsens rundbrev 3\/2010 s\u00e4ndes till dem som uppgett e-postadress.\u00a0<a href=\"mailto:tulkaakaikki(at)tuomela.net\"><br \/>\n<\/a><\/td>\n<\/tr>\n<tr>\n<td>30.5.2010<\/td>\n<td><strong>Sommarbrevet 2\/2010 s\u00e4ndes<\/strong><\/td>\n<\/tr>\n<tr>\n<td><\/td>\n<td>R\u00f6relsens rundbrev 2\/2010 s\u00e4ndes till dem som uppgett e-postadress.\u00a0<a href=\"mailto:tulkaakaikki(at)tuomela.net\"><br \/>\n<\/a><\/td>\n<\/tr>\n<tr>\n<td>24.5.2010<\/td>\n<td><strong>Piispaehdokkaiden vastaukset Tulkaa kaikki -liikkeen kysymyksiin<\/strong><\/td>\n<\/tr>\n<tr>\n<td><\/td>\n<td>Tulkaa kaikki -liike esitti sarjan kysymyksi\u00e4 Helsingin piispanvaalin toiselle kierrokselle p\u00e4\u00e4sseille ehdokkaille, Espoon hiippakunnan hiippakuntasihteeri Irja Askolalle ja Helsingin tuomiokirkkoseurakunnan kirkkoherra Matti Poutiaiselle.\u00a0<a href=\"http:\/\/www.tulkaakaikki.net\/piispaehdokkaat.html\"><br \/>\n<\/a><\/td>\n<\/tr>\n<tr>\n<td>18.5.2010<\/td>\n<td><strong>Heikki Kotila har avlidit<\/strong><\/td>\n<\/tr>\n<tr>\n<td><\/td>\n<td>Professor Heikki Kotila avled 12.5. p\u00e5 Terhohemmet i Helsingfors. Heikkis d\u00f6d \u00e4r en tung f\u00f6rlust inte bara f\u00f6r hans n\u00e4rmaste utan ocks\u00e5 f\u00f6r en bred v\u00e4nkrets och f\u00f6r hela kyrkan. Heikki var en viktig kyrklig sakkunnig och p\u00e5verkare i m\u00e5nga \u00e5r. I valet 2008 valdes han till kyrkom\u00f6tesombud p\u00e5 en Kom alla-lista. Vi l\u00e4mnar Heikki i Fr\u00e4lsarens h\u00e4nder.<\/td>\n<\/tr>\n<tr>\n<td>30.3.2010<\/td>\n<td><strong>P\u00e5skbrevet 1\/2010 s\u00e4ndes<\/strong><\/td>\n<\/tr>\n<tr>\n<td><\/td>\n<td>R\u00f6relsens rundbrev 1\/10 s\u00e4ndes till dem som uppgett e-postadress.<a href=\"mailto:tulkaakaikki(at)tuomela.net\"><br \/>\n<\/a><\/td>\n<\/tr>\n<tr>\n<td>17.2.2010<\/td>\n<td><strong>Piispainkokouksen selvitys parisuhdelain seurauksista kirkossa 10.2.2010<\/strong><\/td>\n<\/tr>\n<tr>\n<td><\/td>\n<td><\/td>\n<\/tr>\n<tr>\n<td>16.1.2010<\/td>\n<td><strong>Seurakuntavaalien ideointipalaveri<\/strong><\/td>\n<\/tr>\n<tr>\n<td><\/td>\n<td>Seurakuntavaalien ideointipalaveri lauantaina, 16. tammikuuta klo 14-16 Agricolan kirkon kryptassa, Tehtaankatu 23, Helsinki (tarjoilu nyytt\u00e4riperiaatteella). Tule Sin\u00e4kin suunnittelemaan liikkeemme vaaliteemoja, ehdokasasettelua ja kampanjaa.<\/td>\n<\/tr>\n<tr>\n<td>15.12.2009<\/td>\n<td><strong>Rundbrevet 4\/09 s\u00e4ndes<\/strong><\/td>\n<\/tr>\n<tr>\n<td><\/td>\n<td>R\u00f6relsens rundbrev 4\/09 s\u00e4ndes till dem som uppgett e-postadress.<a href=\"mailto:tulkaakaikki(at)tuomela.net\"><br \/>\n<\/a><\/td>\n<\/tr>\n<tr>\n<td>24.10.2009<\/td>\n<td><strong>Intialainen vieras ihmisoikeustapahtumassa<\/strong><\/td>\n<\/tr>\n<tr>\n<td><\/td>\n<td>Ekumeenisen vastuuviikon vieras Sanjana Das kertoo ihmiskaupan vastaisesta ty\u00f6st\u00e4 Rauha ja ihmisoikeudet -seminaarissa YK-p\u00e4iv\u00e4n\u00e4 24.10. klo 13-16 Alppilan kirkon seurakuntasalissa, Kotkankatu 2. Klo 17 on rauhan, ihmisoikeuksien ja kansainv\u00e4lisen vastuun rukousp\u00e4iv\u00e4n messu Kallion kirkossa, It\u00e4inen papinkatu 2.<a href=\"http:\/\/www.tulkaakaikki.net\/ihmisoikeustapahtuma.html\"><br \/>\n<\/a><\/td>\n<\/tr>\n<tr>\n<td>30.9.2009<\/td>\n<td><strong>Rundbrevet 3\/09 s\u00e4ndes<\/strong><\/td>\n<\/tr>\n<tr>\n<td><\/td>\n<td>R\u00f6relsens rundbrev 3\/09 s\u00e4ndes till dem som uppgett e-postadress.<a href=\"mailto:tulkaakaikki(at)tuomela.net\"><br \/>\n<\/a><\/td>\n<\/tr>\n<tr>\n<td>21.-23.8.2009<\/td>\n<td><strong>R\u00f6relsen Kom alla p\u00e5 kyrkodagarna i Jyv\u00e4skyl\u00e4<\/strong><\/td>\n<\/tr>\n<tr>\n<td><\/td>\n<td>R\u00f6relsen Kom alla har sommartr\u00e4ff p\u00e5\u00a0kyrkodagarna i Jyv\u00e4skyl\u00e4\u00a0l\u00f6rdag 22.8 kl 15-17 i ett kabinett p\u00e5 restaurang Sohvi (n\u00e4ra kampusomr\u00e5det, Vaasankatu 21). P\u00e5 tr\u00e4ffen utbyter vi erfarenheter fr\u00e5n v\u00e5ra egna f\u00f6rsamlingar och samtalar om f\u00f6rsamlingsvalet 2010. Vi m\u00f6ter \u00e5tminstone aktivister inom r\u00f6relsen och kanske ocks\u00e5 kyrkom\u00f6tesombud. Man kan \u00e4ta eller dricka kaffe p\u00e5 egen bekostnad. V\u00e4lkommen att tr\u00e4ffa gamla och nya bekanta!P\u00e5 kyrkodagarna finns ocks\u00e5 annat program som intresserar medlemmarna i v\u00e5r r\u00f6relse. Just f\u00f6re v\u00e5r tr\u00e4ff, allts\u00e5 l\u00f6 22.8 kl 13-15 arrangeras i solennitetssalen i universitetets huvudbyggnad (Seminaarinkatu 15) en paneldiskussion med temat &#8220;Kirkkoa repiv\u00e4 rakkaus vi rakkautta repiv\u00e4 kirkko?&#8221; (S\u00f6ndrar k\u00e4rleken kyrkan eller kyrkan k\u00e4rleken?) Bland panelisterna finns medlemmar i v\u00e5r r\u00f6relse.Det har redan blivit tradition att v\u00e5r r\u00f6relses plojknappar och material kan f\u00e5s i v\u00e5r samarbetspartner Gemenskapsr\u00f6relsens st\u00e5nd. L\u00e5t oss bek\u00e4nna f\u00e4rg bland kyrkodagsfolket!<\/td>\n<\/tr>\n<tr>\n<td>14.6.2009<\/td>\n<td><strong>Rundbrevet 2\/09 s\u00e4ndes<\/strong><\/td>\n<\/tr>\n<tr>\n<td><\/td>\n<td>R\u00f6relsens rundbrev 2\/09 s\u00e4ndes till dem som uppgett e-postadress.<a href=\"mailto:tulkaakaikki(at)tuomela.net\"><br \/>\n<\/a><\/td>\n<\/tr>\n<tr>\n<td>30.3.2009<\/td>\n<td><strong>Rundbrevet 1\/09 s\u00e4ndes<\/strong><\/td>\n<\/tr>\n<tr>\n<td><\/td>\n<td>R\u00f6relsens rundbrev 1\/09 s\u00e4ndes till dem som uppgett e-postadress.<a href=\"mailto:tulkaakaikki(at)tuomela.net\"><br \/>\n<\/a><\/td>\n<\/tr>\n<tr>\n<td>16.3.2008<\/td>\n<td><strong>Bet\u00e4nkande av biskopsm\u00f6tets partnerskapsarbetsgrupp<\/strong><\/td>\n<\/tr>\n<tr>\n<td><\/td>\n<td>Den av biskopsm\u00f6tet tillsatta partnerskapsarbetsgruppen offentliggjorde 16.3 sitt bet\u00e4nkande efter flera \u00e5rs arbete. Vi gl\u00e4der oss \u00e5t att arbetsgruppen i sina slutsatser klart erk\u00e4nner v\u00e4rdet av best\u00e5ende partnerskap mellan personer av samma k\u00f6n. Detta \u00e4r en viktig principiell utg\u00e5ngspunkt. Vi tror att allt fler av kyrkans medlemmar sm\u00e5ningom kommer att s\u00e4tta v\u00e4rde p\u00e5 registrerade partnerskap eftersom kristna ideal som samh\u00f6righet och omsorg tar sig uttryck inom dem.\u00c4ven om arbetsgruppen inte f\u00f6resl\u00e5r n\u00e5got formul\u00e4r f\u00f6r v\u00e4lsignelse av registrerade partnerskap, f\u00f6resl\u00e5r den att det utarbetas anvisningar f\u00f6r hur en b\u00f6nestund eller motsvarande kan f\u00f6rr\u00e4ttas efter en registrering av partnerskap. Vi hoppas att biskoparna s\u00e5 snart som m\u00f6jligt ger anvisningar f\u00f6r en b\u00f6nestund, d\u00e4r ett par som registrerat sitt partnerskap tillsammans med en pr\u00e4st och sina anh\u00f6riga kan be om Guds v\u00e4lsignelse f\u00f6r sitt f\u00f6rbund och sitt liv.\u00a0<a href=\"http:\/\/www.yhteys.org\/kannanotto2_17032009.pdf\"><br \/>\n<\/a><\/td>\n<\/tr>\n<tr>\n<td>28.2.2009<\/td>\n<td><strong>Aloitetaan omasta hyv\u00e4st\u00e4 jakaminen 28.2.<\/strong><\/td>\n<\/tr>\n<tr>\n<td><\/td>\n<td>Haluaisinko min\u00e4kin jakaa omasta hyv\u00e4st\u00e4ni toisille? Miten paljon uskaltaisin antaa? Saako kristitty iloita hyvist\u00e4 teoistaan? Etsimme yhdess\u00e4 rohkeutta ja uusia tapoja jakaa rikkauksiamme. Tule Sin\u00e4kin rukoilemaan ja keskustelemaan. Omasta hyv\u00e4st\u00e4 jakamisen iltap\u00e4iv\u00e4 lauantaina, 28.2.2009 klo 15-19 Helsingiss\u00e4 Kallion kirkon kappelisalissa, It\u00e4inen Papinkatu 2. Tarjoilu nyytt\u00e4riperiaatteella.<a href=\"http:\/\/www.tulkaakaikki.net\/teematapaaminen28022009.html\"><br \/>\n<\/a><\/td>\n<\/tr>\n<tr>\n<td>1.1.2009<\/td>\n<td><strong>Petri Laaksonen fick f\u00f6rtj\u00e4nsttecknet i brons f\u00f6r f\u00f6rsamlingsarbete<\/strong><\/td>\n<\/tr>\n<tr>\n<td><\/td>\n<td>R\u00f6relsen Kom alla vill st\u00e4rka engagemanget f\u00f6r kyrkan och dess arbete. Vi vill vara med och bygga upp f\u00f6rsamlingarna och b\u00e4ra ansvar f\u00f6r deras arbete. Vi \u00e4r glada \u00f6ver att v\u00e5rt arbete har f\u00e5tt erk\u00e4nnande. Petri Laaksonen, en av v\u00e5ra medlemmar i Helsingfors och viceordf\u00f6rande f\u00f6r f\u00f6rsamlingsr\u00e5det i domkyrkof\u00f6rsamlingen, gavs vid \u00e5rsskiftet f\u00f6rtj\u00e4nsttecknet i brons f\u00f6r f\u00f6rsamlingsarbete.<\/td>\n<\/tr>\n<tr>\n<td>17.12.2008<\/td>\n<td><strong>Ulf S\u00e4rs fick hedersomn\u00e4mnande f\u00f6r fr\u00e4mjande av R\u00e4ttvis handel<\/strong><\/td>\n<\/tr>\n<tr>\n<td><\/td>\n<td>Att dela med sig av det gemensamma goda \u00e4r ett av m\u00e5len f\u00f6r r\u00f6relsen Kom alla. M\u00e5nga av dem som verkar inom v\u00e5r r\u00f6relse har redan i \u00e5rtionden k\u00e4mpat f\u00f6r r\u00e4ttvisa och delande. Ulf S\u00e4rs, medlem i v\u00e5r aktionsgrupp, \u00e4r en veteran inom u-landsr\u00f6relsen och har l\u00e4nge arbetat f\u00f6r en r\u00e4ttvisare handels- och utvecklingspolitik. F\u00f6r detta fick han i december\u00a0ett hedersomn\u00e4mnande av F\u00f6reningen f\u00f6r fr\u00e4mjande av R\u00e4ttvis handel.<\/td>\n<\/tr>\n<tr>\n<td>22.12.2008<\/td>\n<td><strong>Rundbrevet 4\/08 s\u00e4ndes<\/strong><\/td>\n<\/tr>\n<tr>\n<td><\/td>\n<td>R\u00f6relsens rundbrev 4\/08 s\u00e4ndes till dem som uppgett e-postadress.<a href=\"mailto:tulkaakaikki(at)tuomela.net\"><br \/>\n<\/a><\/td>\n<\/tr>\n<tr>\n<td>28.10.2008<\/td>\n<td><strong>H\u00f6stens tematr\u00e4ff<\/strong><\/td>\n<\/tr>\n<tr>\n<td><\/td>\n<td>F\u00f6ljande tematr\u00e4ff h\u00e5lls l\u00f6rdag 18.10.2008 kl 16-19. Platsen \u00e4r kapellsalen i Bergh\u00e4lls kyrka, \u00d6stra Pr\u00e4stgatan 2. Temat \u00e4r kyrkom\u00f6tes\u00e4renden som \u00e4r aktuella f\u00f6r r\u00f6relsen Kom alla. Som inledare och deltagare i diskussionen medverkar ombud i kyrkom\u00f6tet och stiftsfullm\u00e4ktige som valts inom v\u00e5r r\u00f6relse. V\u00e4lkomna att tr\u00e4ffas och samtala!<\/td>\n<\/tr>\n<tr>\n<td>27.9.2008<\/td>\n<td><strong>Rundbrevet 3\/08 s\u00e4ndes<\/strong><\/td>\n<\/tr>\n<tr>\n<td><\/td>\n<td>R\u00f6relsens rundbrev 3\/08 s\u00e4ndes till dem som uppgett e-postadress.<a href=\"mailto:tulkaakaikki(at)tuomela.net\"><br \/>\n<\/a><\/td>\n<\/tr>\n<tr>\n<td>2.6.2008<\/td>\n<td><strong>Rundbrevet 2\/08 s\u00e4ndes<\/strong><\/td>\n<\/tr>\n<tr>\n<td><\/td>\n<td>R\u00f6relsens rundbrev 2\/08 s\u00e4ndes till dem som uppgett e-postadress.<a href=\"mailto:tulkaakaikki(at)tuomela.net\"><br \/>\n<\/a><\/td>\n<\/tr>\n<tr>\n<td>mars 2008<\/td>\n<td><strong>F\u00f6rnyad aktionsgrupp<\/strong><\/td>\n<\/tr>\n<tr>\n<td><\/td>\n<td>R\u00f6relsen Kom alla fick en ny aktionsgrupp.\u00a0<a href=\"http:\/\/www.tulkaakaikki.net\/kontakt.html\"><br \/>\n<\/a><\/td>\n<\/tr>\n<tr>\n<td>28.2.2008<\/td>\n<td><strong>Rundbrevet 1\/08 s\u00e4ndes<\/strong><\/td>\n<\/tr>\n<tr>\n<td><\/td>\n<td>R\u00f6relsens rundbrev 1\/08 s\u00e4ndes till dem som uppgett e-postadress.<a href=\"mailto:tulkaakaikki(at)tuomela.net\"><br \/>\n<\/a><\/td>\n<\/tr>\n<tr>\n<td>11.2.2008<\/td>\n<td><strong>Val av ombud i kyrkom\u00f6tet och ledam\u00f6ter i stiftsfullm\u00e4ktige<\/strong><\/td>\n<\/tr>\n<tr>\n<td>25.1.2008<\/td>\n<td><strong>Pressmeddelande<\/strong><\/td>\n<\/tr>\n<tr>\n<td><\/td>\n<td>Pressmeddelande:\u00a0R\u00f6relsen Kom alla utmanare i kyrkom\u00f6tesvalet<\/td>\n<\/tr>\n<tr>\n<td>17.1.2008<\/td>\n<td><strong>Valsida inf\u00f6r valet av kyrkom\u00f6tet och stiftsfullm\u00e4ktige \u00f6ppnades<\/strong><\/td>\n<\/tr>\n<tr>\n<td><\/td>\n<td>P\u00e5\u00a0Kom alla-r\u00f6relsens valsidor\u00a0finns nu information om valet, de kandidater vi rekommenderar i stiften och personliga inl\u00e4gg av kandidater.\u00a0<a href=\"http:\/\/www.tulkaakaikki.net\/vaalit2008.html\"><br \/>\n<\/a><\/td>\n<\/tr>\n<tr>\n<td>19.12.2007<\/td>\n<td><strong>Nionde rundbrev s\u00e4ndes<\/strong><\/td>\n<\/tr>\n<tr>\n<td><\/td>\n<td>R\u00f6relsens nionde rundbrev s\u00e4ndes till dem som uppgett e-postadress.\u00a0<a href=\"mailto:tulkaakaikki(at)tuomela.net\">Meddela<\/a>\u00a0om du inte har f\u00e5tt brevet.<\/td>\n<\/tr>\n<tr>\n<td>17.12.2007<\/td>\n<td><strong>Tiden f\u00f6r att bilda valmansf\u00f6reningar i val av ombud i kyrkom\u00f6tet och ledam\u00f6ter i stiftsfullm\u00e4ktige utg\u00e5r<\/strong><\/td>\n<\/tr>\n<tr>\n<td>20.10.2007<\/td>\n<td><strong>Val av kyrkom\u00f6te och stiftsfullm\u00e4ktige &#8211; vad var n\u00e4r<\/strong><\/td>\n<\/tr>\n<tr>\n<td><\/td>\n<td>V\u00e4lkommen till Kom alla-r\u00f6relsens tematr\u00e4ff denna h\u00f6st i Helsingfors 20.10. kl 16-19. Vi m\u00f6ts i Bullankulma, adress Bulevarden 16 B. Inledare \u00e4r Timo Korpela fr\u00e5n Helsingfors stiftsfullm\u00e4ktige, kyrkom\u00f6tesombudet Antti Siukonen camt Vesa Hirvonen och Ulf S\u00e4rs f\u00f6r r\u00f6relsen Kom alla.<\/td>\n<\/tr>\n<tr>\n<td>12.9.2007<\/td>\n<td><strong>\u00c5ttonde rundbrev s\u00e4ndes<\/strong><\/td>\n<\/tr>\n<tr>\n<td><\/td>\n<td>R\u00f6relsens \u00e5ttonde rundbrev s\u00e4ndes till dem som uppgett e-postadress.\u00a0<a href=\"mailto:tulkaakaikki(at)tuomela.net\"><br \/>\n<\/a><\/td>\n<\/tr>\n<tr>\n<td>8.6.2007<\/td>\n<td><strong>Kampanjen R\u00e4ttvis handel-f\u00f6rsamling<\/strong><\/td>\n<\/tr>\n<tr>\n<td><\/td>\n<td>R\u00f6relsen Kom alla har anslutit sig till kampanjen\u00a0R\u00e4ttvis handel-f\u00f6rsamling. Syftet med kampanjen \u00e4r att bidra till att kristen n\u00e4stank\u00e4rlek och h\u00e5llbar utveckling f\u00f6rverkligas i f\u00f6rsamlingarnas och f\u00f6rsamlingsmedlemmarnas dagliga liv. Detta \u00e4r ocks\u00e5 ett av m\u00e5len f\u00f6r r\u00f6relsen Kom alla. Kampanjen genomf\u00f6rs genom att utmana f\u00f6rsamlingarna att anv\u00e4nda r\u00e4ttvisem\u00e4rkta produkter och anh\u00e5lla om\u00a0hederstiteln R\u00e4ttvis handel-f\u00f6rsamling\u00a0som beviljas f\u00f6r fyra \u00e5r i s\u00e4nder. Man kan ladda ner material f\u00f6r kampanjen b\u00e5de p\u00e5 finska och p\u00e5 svenska p\u00e5 webbplatsen f\u00f6r F\u00f6reningen f\u00f6r fr\u00e4mjande av r\u00e4ttvis handel (www.reilukauppa.fi). Det l\u00f6nar sig ocks\u00e5 att utreda m\u00f6jligheterna att samarbeta med\u00a0andra grupper p\u00e5 f\u00f6rsamlingens omr\u00e5de\u00a0som \u00e4r med i kampanjen.<\/td>\n<\/tr>\n<tr>\n<td>31.5.2007<\/td>\n<td><strong>Sjunde rundbrev s\u00e4ndes<\/strong><\/td>\n<\/tr>\n<tr>\n<td><\/td>\n<td>R\u00f6relsens sjunde rundbrev s\u00e4ndes till dem som uppgett e-postadress.\u00a0<a href=\"mailto:tulkaakaikki(at)tuomela.net\"><br \/>\n<\/a><\/td>\n<\/tr>\n<tr>\n<td>25.-27.5.2007<\/td>\n<td><strong>Kirkkop\u00e4iv\u00e4t Turussa<\/strong><\/td>\n<\/tr>\n<tr>\n<td><\/td>\n<td>Tulkaa kaikki -liike kehottaa j\u00e4seni\u00e4\u00e4n ja yst\u00e4vi\u00e4\u00e4n osallistumaan\u00a0kirkkop\u00e4iviin, mielell\u00e4\u00e4n liikkeen\u00a0rintamerkki\u00a0rinnassa. N\u00e4in tunnistamme toisemme ja kerromme liikkeest\u00e4 muillekin.<\/td>\n<\/tr>\n<tr>\n<td>28.4.2007<\/td>\n<td><strong>St\u00e4llningstagande fr\u00e5n aktionsgruppen f\u00f6r r\u00f6relsen Kom alla:\u00a0Alla medlemmar i kyrkan b\u00f6r anpassa sig till att vi har kvinnliga pr\u00e4ster<\/strong><\/td>\n<\/tr>\n<tr>\n<td>14.-15.4.2007<\/td>\n<td><strong>Tulkaa kaikki -tapaaminen luottamushenkil\u00f6iden tapahtumassa Tampereella<\/strong><\/td>\n<\/tr>\n<tr>\n<td><\/td>\n<td>Tulkaa kaikki -liike j\u00e4rjest\u00e4\u00e4 luottamushenkil\u00f6iden suurtapahtuman yhteydess\u00e4 Tampereella 14. -15.4.2007 tapaamisen. Kokoonnumme lauantaina iltaohjelman j\u00e4lkeen kello 21.00 Tampere-talon l\u00e4hell\u00e4 olevan Holiday Inn hotellin baarissa osoitteessa Yliopistonkatu 44. Tila on savuton. Ohjelmassa on vapaata yhdess\u00e4 oloa kuulumisia vaihtaen &#8211; olisi todella hauska tavata tuolloin! Lis\u00e4ksi lauantaina kello 12.00 alkaen rekister\u00f6intitiskin l\u00e4heisyydess\u00e4 jaetaan Tulkaa kaikki -rintamerkkej\u00e4. (Lis\u00e4tietoja Minna Lundell-Kiuru p. 041-4645861)<\/td>\n<\/tr>\n<tr>\n<td>28.3.2007<\/td>\n<td><strong>Tulkaa kaikki -teemakokoontuminen<\/strong><\/td>\n<\/tr>\n<tr>\n<td><\/td>\n<td>Teemakokoontuminen aiheena &#8220;Kuinka viemme uudet ideat l\u00e4pi&#8221; keskiviikkona, 28.3. klo 17-20 Bullankulmassa, Bulevardi 16 B, 1. kerros, Helsinki. Asiantuntijoina lakimies Arja Rossinen ja tiedotusp\u00e4\u00e4llikk\u00f6 P\u00e4lvi Ahoinpelto Helsingin seurakuntayhtym\u00e4st\u00e4 sek\u00e4 kirkolliskokousedustaja Riikka Myllys Tule mukaan ja kutsu yst\u00e4v\u00e4sikin!<\/td>\n<\/tr>\n<tr>\n<td>22.3.2007<\/td>\n<td><strong>Toivon ilta Laajasalon kirkolla<\/strong><\/td>\n<\/tr>\n<tr>\n<td><\/td>\n<td>Toivon ilta Laajasalon kirkolla, Reposalmentie 13, torstaina 22.3. klo 18. Kylm\u00e4, et\u00e4inen kirkko? Unelmia tulevaisuuden kirkosta. Aiheesta keskustelua alustaa TT, tutkija Vesa Hirvonen Tulkaa kaikki -liikkeest\u00e4. Ehtoollishetki, pastori Riikka Uuksulainen. Teetarjoilu. Laajasalon kirkolle p\u00e4\u00e4see Herttoniemen metroasemalta busseilla 84, 85, 86, 88, 89. Tervetuloa!<\/td>\n<\/tr>\n<tr>\n<td>9.3.2007<\/td>\n<td><strong>Ett st\u00e4llningstagande av unga pr\u00e4ster<\/strong><\/td>\n<\/tr>\n<tr>\n<td><\/td>\n<td>Aktionsgruppen f\u00f6r r\u00f6relsen Kom alla ansluter sig till\u00a0ett st\u00e4llningstagande av unga pr\u00e4ster\u00a0i huvudstadsregionen i fr\u00e5ga om ett fall av diskrimintering i Hyvinge.<\/td>\n<\/tr>\n<tr>\n<td>6.3.2007<\/td>\n<td><strong>Sj\u00e4tte rundbrev s\u00e4ndes<\/strong><\/td>\n<\/tr>\n<tr>\n<td><\/td>\n<td>R\u00f6relsens sj\u00e4tte rundbrev s\u00e4ndes till dem som uppgett e-postadress.<a href=\"mailto:tulkaakaikki(at)tuomela.net\"><br \/>\n<\/a><\/td>\n<\/tr>\n<tr>\n<td>mars 2007<\/td>\n<td><strong>Medlemmar i r\u00f6relsen Kom alla i riksdagsvalet<\/strong><\/td>\n<\/tr>\n<tr>\n<td><\/td>\n<td>Medlemmar i r\u00f6relsen Kom alla i riksdagsvalet.\u00a0Information om kandidaterna<\/td>\n<\/tr>\n<tr>\n<td>februari 2007<\/td>\n<td><strong>F\u00f6rnyad aktionsgrupp<\/strong><\/td>\n<\/tr>\n<tr>\n<td><\/td>\n<td>R\u00f6relsen Kom alla fick en ny\u00a0aktionsgrupp\u00a0Ta kontakt!<\/td>\n<\/tr>\n<tr>\n<td>1.12.2006<\/td>\n<td><strong>Femte rundbrev s\u00e4ndes<\/strong><\/td>\n<\/tr>\n<tr>\n<td><\/td>\n<td>R\u00f6relsens femte rundbrev s\u00e4ndes till dem som uppgett e-postadress.\u00a0<a href=\"mailto:tulkaakaikki(at)tuomela.net\"><br \/>\n<\/a><\/td>\n<\/tr>\n<tr>\n<td>14.11.2006<\/td>\n<td><strong>Pressmeddelande<\/strong><\/td>\n<\/tr>\n<tr>\n<td><\/td>\n<td>Pressmedelande:\u00a0R\u00f6relsen Kom alla lyckades \u00f6ver f\u00f6rv\u00e4ntan i f\u00f6rsamlingsvalet<\/td>\n<\/tr>\n<tr>\n<td>13.11.2006<\/td>\n<td><strong>Valvaka med r\u00f6relsen Kom alla<\/strong><\/td>\n<\/tr>\n<tr>\n<td><\/td>\n<td>Valvaka i Domkyrkans stapel i Helsingfors ma 13.11 kl 21.00, Alla v\u00e4nner till r\u00f6relsen v\u00e4lkomna!<\/td>\n<\/tr>\n<tr>\n<td>12.11. eller 12.-13.11.2006<\/td>\n<td><strong>F\u00f6rsamlingsvalet<\/strong><\/td>\n<\/tr>\n<tr>\n<td>30.10.-3.11.2006<\/td>\n<td><strong>F\u00f6rhandsr\u00f6stning i f\u00f6rsamlingsvalet<\/strong><\/td>\n<\/tr>\n<tr>\n<td>30.10.2006<\/td>\n<td><strong>R\u00f6relsen inleder sin riksomfattande valkampanj<\/strong><\/td>\n<\/tr>\n<tr>\n<td><\/td>\n<td>R\u00f6relsen inleder sin riksomfattande valkampanj den f\u00f6rsta f\u00f6rhandsr\u00f6stningsdagen i f\u00f6rsamlingsvalet m\u00e5ndag 30.10. vid statyn Tre smeder i Helsingfors kl 17-18.<\/td>\n<\/tr>\n<tr>\n<td>18.10.2006<\/td>\n<td><strong>Fj\u00e4rde rundbrev s\u00e4ndes<\/strong><\/td>\n<\/tr>\n<tr>\n<td><\/td>\n<td>R\u00f6relsens fj\u00e4rde rundbrev s\u00e4ndes till dem som uppgett e-postadress.\u00a0<a href=\"mailto:tulkaakaikki(at)tuomela.net\"><br \/>\n<\/a><\/td>\n<\/tr>\n<tr>\n<td>16.10.2006<\/td>\n<td><strong>Pressmeddelande<\/strong><\/td>\n<\/tr>\n<tr>\n<td><\/td>\n<td>Pressmeddelande:\u00a0R\u00f6relsen Kom alla ger f\u00e4rg \u00e5t f\u00f6rsamlingsvalet(pdf-version)<\/td>\n<\/tr>\n<tr>\n<td>h\u00f6sten 2006<\/td>\n<td><strong>R\u00f6relsen Kom alla i pressen<\/strong><\/td>\n<\/tr>\n<tr>\n<td><\/td>\n<td>Det har funnits artiklar om r\u00f6relsen Kom alla i flere tidningar.<br \/>\nDemari 4.9.2006<br \/>\nVantaan Lauri 7.9.2006<br \/>\nTampereen Kirkkosanomat 15\/2006<br \/>\nVihre\u00e4 Lanka 15.9.\u00a0ja\u00a029.9.<br \/>\nRauhan Tervehdys 21.9.<br \/>\nKirkko ja Kaupunki 27.9.<br \/>\nJoensuun ylioppilaslehti 7\/2006<br \/>\nKansan Uutiset 31.10.2007<\/td>\n<\/tr>\n<tr>\n<td>27.8.2006<\/td>\n<td><strong>Tredje rundbrev s\u00e4ndes<\/strong><\/td>\n<\/tr>\n<tr>\n<td><\/td>\n<td>R\u00f6relsens tredje rundbrev s\u00e4ndes till dem som uppgett e-postadress.\u00a0<a href=\"mailto:tulkaakaikki(at)tuomela.net\"><br \/>\n<\/a><\/td>\n<\/tr>\n<tr>\n<td>13.6.2006<\/td>\n<td><strong>Funktionen f\u00f6r underskrift har korrigerats<\/strong><\/td>\n<\/tr>\n<tr>\n<td><\/td>\n<td>En st\u00f6rning som i b\u00f6rjan av juni drabbade funktionen f\u00f6r underskrift av r\u00f6relsens program har nu korrigerats.<\/td>\n<\/tr>\n<tr>\n<td>31.5.2006<\/td>\n<td><strong>Andra rundbrev s\u00e4ndes<\/strong><\/td>\n<\/tr>\n<tr>\n<td><\/td>\n<td>R\u00f6relsens andra rundbrev s\u00e4ndes till dem som uppgett e-postadress.\u00a0<a href=\"mailto:tulkaakaikki(at)tuomela.net\"><br \/>\n<\/a><\/td>\n<\/tr>\n<tr>\n<td>11.5.2006<\/td>\n<td><strong>Kom alla -kv\u00e4ll<\/strong><\/td>\n<\/tr>\n<tr>\n<td><\/td>\n<td>Kom alla -kv\u00e4ll torsdag 11.5.2006 kl 18 i Kottby kyrka, Metsolav\u00e4gen 14, Helsingfors. V\u00e4lkommen att h\u00f6ra om r\u00f6relsen, samtala och tr\u00e4ffa m\u00e4nniskor! (Samlingen \u00e4r finskspr\u00e5kig.)<\/td>\n<\/tr>\n<tr>\n<td>16.4.2006<\/td>\n<td><strong>P\u00e5sken 2006<\/strong><\/td>\n<\/tr>\n<tr>\n<td><\/td>\n<td>R\u00f6relsens f\u00f6rsta rundbrev s\u00e4ndes till dem som uppgett e-postadress.\u00a0<a href=\"mailto:tulkaakaikki(at)tuomela.net\"><br \/>\n<\/a><\/td>\n<\/tr>\n<tr>\n<td>28.3.2006<\/td>\n<td><strong>R\u00f6relsen Kom alla i pressen<\/strong><\/td>\n<\/tr>\n<tr>\n<td><\/td>\n<td>Efter att r\u00f6relsen Kom alla har tr\u00e4tt fram i offentligheten har det funnits artiklar om r\u00f6relsen i flere tidningar.<br \/>\nSuomen Kuvalehti 11\/2006,<br \/>\nKotimaa 17.3.2006<br \/>\nEtel\u00e4-Suomen Sanomat 18.3.2006 (ledare),<br \/>\nVantaan Lauri 15.3.2006 (ledare),<br \/>\nKirkko ja Kaupunki 22.3.2006<\/td>\n<\/tr>\n<tr>\n<td>25.3.2006<\/td>\n<td><strong>Kontaktproblem<\/strong><\/td>\n<\/tr>\n<tr>\n<td><\/td>\n<td>R\u00f6relsens webbplats har de senaste dagarna fungerat bristf\u00e4lligt. Osaken \u00e4r ett angrepp p\u00e5 namnservern Joker.com, vilket har lett till att man inte har kunnat f\u00e5 kontakt till r\u00f6relsens webbplats, trots att sj\u00e4lva www-servern har fungerat. Problemet \u00e4r nu (25.3) l\u00f6st.<\/td>\n<\/tr>\n<tr>\n<td>15.3.2006<\/td>\n<td><strong>R\u00f6relsen tr\u00e4der fram i offentligheten<\/strong><\/td>\n<\/tr>\n<tr>\n<td><\/td>\n<td>R\u00f6relsens offentliga verksamhet inleddes onsdagen den 15 mars 2006 med en vesper i domkyrkans kapell i Helsingfors och en \u00f6ppningsfest i domkyrkans klockstapel.<a href=\"http:\/\/www.tulkaakaikki.net\/meddelande.html\"><br \/>\n<\/a><\/td>\n<\/tr>\n<tr>\n<td>24.10.2005<\/td>\n<td><strong>R\u00f6relsens konstituerande m\u00f6te<\/strong><\/td>\n<\/tr>\n<tr>\n<td><\/td>\n<td>I Sj\u00f6tullens f\u00f6rsamlingssal i Helsingfors<\/td>\n<\/tr>\n<\/tbody>\n<\/table>\n","protected":false},"excerpt":{"rendered":"<p>4.12.2013 Julbrevet (4\/2013) s\u00e4ndes R\u00f6relsens julbrev (4\/2013) s\u00e4ndes till dem som uppgett e-postadress.\u00a0 8.10.2013 Pressmeddelande: Vad \u00e4r viktigast i missionen? Missionchefer g\u00e4ster hos r\u00f6relsen Kom alla Den kyrkliga f\u00f6rnyelser\u00f6relsen Kom alla f\u00e5r bes\u00f6k av chefer f\u00f6r kyrkans missionsorganisationer. Vid en samling l\u00f6rdag 26.10 kl 13.00 &#8211; 15.30 i Alph\u00f6jdens kyrka i Helsingfors talar missionchefer och [&hellip;]<\/p>\n","protected":false},"author":5,"featured_media":0,"comment_status":"closed","ping_status":"closed","sticky":false,"template":"","format":"standard","meta":{"site-sidebar-layout":"default","site-content-layout":"","ast-site-content-layout":"default","site-content-style":"default","site-sidebar-style":"default","ast-global-header-display":"","ast-banner-title-visibility":"","ast-main-header-display":"","ast-hfb-above-header-display":"","ast-hfb-below-header-display":"","ast-hfb-mobile-header-display":"","site-post-title":"","ast-breadcrumbs-content":"","ast-featured-img":"","footer-sml-layout":"","ast-disable-related-posts":"","theme-transparent-header-meta":"","adv-header-id-meta":"","stick-header-meta":"","header-above-stick-meta":"","header-main-stick-meta":"","header-below-stick-meta":"","astra-migrate-meta-layouts":"default","ast-page-background-enabled":"default","ast-page-background-meta":{"desktop":{"background-color":"","background-image":"","background-repeat":"repeat","background-position":"center center","background-size":"auto","background-attachment":"scroll","background-type":"","background-media":"","overlay-type":"","overlay-color":"","overlay-opacity":"","overlay-gradient":""},"tablet":{"background-color":"","background-image":"","background-repeat":"repeat","background-position":"center center","background-size":"auto","background-attachment":"scroll","background-type":"","background-media":"","overlay-type":"","overlay-color":"","overlay-opacity":"","overlay-gradient":""},"mobile":{"background-color":"","background-image":"","background-repeat":"repeat","background-position":"center center","background-size":"auto","background-attachment":"scroll","background-type":"","background-media":"","overlay-type":"","overlay-color":"","overlay-opacity":"","overlay-gradient":""}},"ast-content-background-meta":{"desktop":{"background-color":"var(--ast-global-color-5)","background-image":"","background-repeat":"repeat","background-position":"center center","background-size":"auto","background-attachment":"scroll","background-type":"","background-media":"","overlay-type":"","overlay-color":"","overlay-opacity":"","overlay-gradient":""},"tablet":{"background-color":"var(--ast-global-color-5)","background-image":"","background-repeat":"repeat","background-position":"center center","background-size":"auto","background-attachment":"scroll","background-type":"","background-media":"","overlay-type":"","overlay-color":"","overlay-opacity":"","overlay-gradient":""},"mobile":{"background-color":"var(--ast-global-color-5)","background-image":"","background-repeat":"repeat","background-position":"center center","background-size":"auto","background-attachment":"scroll","background-type":"","background-media":"","overlay-type":"","overlay-color":"","overlay-opacity":"","overlay-gradient":""}},"footnotes":""},"categories":[],"tags":[],"class_list":["post-725","post","type-post","status-publish","format-standard","hentry"],"jetpack_featured_media_url":"","_links":{"self":[{"href":"https:\/\/tulkaakaikki.net\/sv\/wp-json\/wp\/v2\/posts\/725","targetHints":{"allow":["GET"]}}],"collection":[{"href":"https:\/\/tulkaakaikki.net\/sv\/wp-json\/wp\/v2\/posts"}],"about":[{"href":"https:\/\/tulkaakaikki.net\/sv\/wp-json\/wp\/v2\/types\/post"}],"author":[{"embeddable":true,"href":"https:\/\/tulkaakaikki.net\/sv\/wp-json\/wp\/v2\/users\/5"}],"replies":[{"embeddable":true,"href":"https:\/\/tulkaakaikki.net\/sv\/wp-json\/wp\/v2\/comments?post=725"}],"version-history":[{"count":14,"href":"https:\/\/tulkaakaikki.net\/sv\/wp-json\/wp\/v2\/posts\/725\/revisions"}],"predecessor-version":[{"id":753,"href":"https:\/\/tulkaakaikki.net\/sv\/wp-json\/wp\/v2\/posts\/725\/revisions\/753"}],"wp:attachment":[{"href":"https:\/\/tulkaakaikki.net\/sv\/wp-json\/wp\/v2\/media?parent=725"}],"wp:term":[{"taxonomy":"category","embeddable":true,"href":"https:\/\/tulkaakaikki.net\/sv\/wp-json\/wp\/v2\/categories?post=725"},{"taxonomy":"post_tag","embeddable":true,"href":"https:\/\/tulkaakaikki.net\/sv\/wp-json\/wp\/v2\/tags?post=725"}],"curies":[{"name":"wp","href":"https:\/\/api.w.org\/{rel}","templated":true}]}}