{"id":62,"date":"2013-12-29T16:49:26","date_gmt":"2013-12-29T14:49:26","guid":{"rendered":"http:\/\/109.163.208.140\/~tulkaaka\/wordpress\/?p=62"},"modified":"2014-03-28T22:10:15","modified_gmt":"2014-03-28T20:10:15","slug":"rorelsens-julbrevet-42013","status":"publish","type":"post","link":"https:\/\/tulkaakaikki.net\/sv\/rorelsens-julbrevet-42013\/","title":{"rendered":"R\u00f6relsens julbrev 4\/2013"},"content":{"rendered":"<h2>K\u00e4ra v\u00e4nner till r\u00f6relsen Kom alla,<\/h2>\n<div>\n<p>I slutet av oktober inbj\u00f6d vi cheferna f\u00f6r alla missionsorganisationer till en missionstr\u00e4ff i Alph\u00f6jdens kyrka. F\u00f6retr\u00e4dare f\u00f6r Finska Missionss\u00e4llskapet, Bibels\u00e4llskapet, S\u00e5ningsmannen och Budb\u00e4rarna samt kyrkans missionssekreterare kom med. SLEY, SLEF och Folkmissionen var inte f\u00f6retr\u00e4dda men vi hade v\u00e4nskapliga kontakter ocks\u00e5 med dem. M\u00e5nga upplevde tr\u00e4ffen som uppmuntrande. M\u00e4nniskor m\u00f6ttes och samtalade och stod ut med olika st\u00e5ndpunkter. F\u00f6rtroende b\u00f6rjade gro.<\/p>\n<p>Aktionsgruppen vill g\u00f6ra klart att r\u00f6relsen Kom alla s\u00f6ker samarbetsm\u00f6jligheter med alla v\u00e5r kyrkas missionsorganisationer. Vi respekterar deras arbete och inser att vi har mycket gemensamt med dem. Vi delar uppgiften att bereda v\u00e4g f\u00f6r Kristus.<\/p>\n<p>Vi s\u00f6ker samtals- och samarbetsm\u00f6jligheter ocks\u00e5 med de missionsorganisationer som f\u00f6rnyelsev\u00e4nliga f\u00f6rtroendevalda \u00e4nnu har sv\u00e5rt att bevilja budgetmedel i f\u00f6rsamlingarna. Idag kan m\u00e5nga av v\u00e5ra f\u00f6rtroendevalda inte f\u00f6rorda budgetmedel f\u00f6r till exempel s\u00e5dana organisationer som inte anst\u00e4ller kvinnliga pr\u00e4ster och s\u00e5dana som registrerat sitt partnerskap<\/p>\n<p>Vi hoppas att ocks\u00e5 dessa missionsorganisationer vill f\u00f6retr\u00e4da hela kyrkan p\u00e5 missionsf\u00e4lten. Vi hoppas att det \u00f6msesidiga f\u00f6rtroendet mellan oss och dem kunde \u00f6ka och att vi utan tvekan kunde b\u00f6rja st\u00f6da dem ocks\u00e5 i f\u00f6rsamlingarna.<\/p>\n<p>Aktionsgruppen forts\u00e4tter tr\u00e4ffa f\u00f6retr\u00e4dare f\u00f6r missionsorganisationerna men vi hoppas att f\u00f6rtroendefulla samtalskontakter och m\u00f6te kunde ske ocks\u00e5 i f\u00f6rsamlingarna.<\/p>\n<p>L\u00e5t oss be f\u00f6r varandra i kyrkan. Kristi kyrka \u00e4r till f\u00f6r alla, b\u00e5de f\u00f6r f\u00f6rnyelsev\u00e4nliga och konservativa, b\u00e5de f\u00f6r dem som \u00e4r av samma \u00e5sikt och dem som inte \u00e4r det. Vi beh\u00f6ver alla Kristi och varandras k\u00e4rlek. Kristus s\u00e4ger och vi med honom: Kom alla!<\/p>\n<h3>Ber\u00e4tta vad som h\u00e4nder i f\u00f6rsamlingen<\/h3>\n<p>Aktionsgruppen hoppas f\u00e5 nyheter fr\u00e5n f\u00f6rsamlingar runtom i Finland. Ber\u00e4tta vad som \u00e4r p\u00e5 g\u00e5ng i din f\u00f6rsamling. Hurudana beslut har man fattat i f\u00f6rsamlingen p\u00e5 senare tid? M\u00f6ts olikt\u00e4nkande m\u00e4nniskor i f\u00f6rsamlingen? Vi vill g\u00e4rna h\u00f6ra om b\u00e5de gl\u00e4dje\u00e4mnen och mer problematiska situationer. Aktionsgruppens koordinator Henrietta Gr\u00f6nlund (he&#110;&#114;&#105;&#101;&#x74;&#x74;&#x61;&#x2e;&#x67;ro&#110;&#108;&#117;&#110;&#x64;&#x40;&#x68;&#x65;&#x6c;si&#110;&#107;&#105;&#46;&#x66;&#x69;) och kontaktpersonen f\u00f6r de f\u00f6r det f\u00f6rtroendevalda Eve R\u00e4m\u00f6 (&#x65;&#x76;&#x65;&#x2e;&#114;&#97;&#109;&#111;&#64;va&#x6e;&#x74;&#x61;&#x61;&#x6e;&#118;&#105;&#104;rea&#x74;&#x2e;&#x66;&#x69;) ser fram emot att h\u00f6ra av er.<\/p>\n<h3>Tomasm\u00e4ssa s\u00f6ndag 26.1.2014<\/h3>\n<p>R\u00f6relsen Kom alla har gl\u00e4djen att vara med och arrangera Tomasm\u00e4ssan s\u00f6ndag 26.1.2014 kl 18 i Agricolakyrkan i Helsingfors. V\u00e5r koordinator Vesa Hirvonen fungerar som liturg i m\u00e4ssan. Vi beh\u00f6ver m\u00e5nga frivilliga i olika uppgifter i m\u00e4ssan, du \u00e4r varmt v\u00e4lkommen! Ta kontakt med Kaisa Raittila (&#107;&#x61;&#x69;s&#97;&#x2e;r&#97;&#x69;t&#116;&#x69;l&#97;&#x40;&#x73;&#97;&#x75;&#x6e;a&#108;&#x61;h&#116;&#x69;&#46;&#102;&#x69;) om du st\u00e5r till f\u00f6rfogande f\u00f6r uppgifter i Tomasm\u00e4ssan.<\/p>\n<h3>Kom med i aktionsgruppen<\/h3>\n<p>R\u00f6relsens aktionsgrupp f\u00f6rnyas som vanligt i b\u00f6rjan av \u00e5ret. V\u00e4lkommen med i arbetet f\u00f6r att f\u00f6rnya kyrkan ocks\u00e5 n\u00e4sta \u00e5r! Att h\u00f6ra till aktionsgruppen inneb\u00e4r att i m\u00e5n av m\u00f6jlighet delta i m\u00f6ten (mera s\u00e4llan \u00e4n en g\u00e5ng i m\u00e5naden) och att f\u00e5 sin bild och kontaktinformation publicerade p\u00e5 v\u00e5r webbplats. Vi beh\u00f6ver nya krafter! Tveka inte att kontakta aktionsgruppens koordinator Henrietta Gr\u00f6nlund (&#104;&#x65;&#110;&#x72;&#105;&#x65;t&#x74;a&#x2e;g&#114;&#x6f;&#110;&#x6c;&#117;&#x6e;&#100;&#x40;h&#x65;l&#x73;i&#110;&#x6b;&#105;&#x2e;&#102;&#x69;) eller kontaktpersonen i Borg\u00e5 stift Ulf S\u00e4rs (&#x75;&#x6c;&#x73;&#x61;&#114;&#115;&#64;gm&#x61;&#x69;&#x6c;&#x2e;&#x63;&#111;&#109;), om du \u00e4r intresserad.<\/p>\n<p>L\u00e5t oss f\u00f6renas i morgonb\u00f6nen f\u00f6r veckan efter f\u00f6rsta advent:<\/p>\n<p>Gud, g\u00f6r oss redo att ta emot din Son som kommer med frihet till de f\u00e5ngna och hopp och gl\u00e4dje till de \u00f6vergivna. L\u00e5t honom vara ett svar p\u00e5 v\u00e5r v\u00e4ntan. H\u00f6r oss n\u00e4r vi h\u00e4lsar v\u00e5r konung: Hosianna, Davids Son, Hosianna i h\u00f6jden!<\/p>\n<p>Varma advents- och julh\u00e4lsningar<\/p>\n<p>Aktionsgruppen f\u00f6r r\u00f6relsen Kom alla<\/p>\n<p>Kristi kyrka \u00e4r till f\u00f6r alla!<\/p>\n<\/div>\n","protected":false},"excerpt":{"rendered":"<p>K\u00e4ra v\u00e4nner till r\u00f6relsen Kom alla, I slutet av oktober inbj\u00f6d vi cheferna f\u00f6r alla missionsorganisationer till en missionstr\u00e4ff i Alph\u00f6jdens kyrka. F\u00f6retr\u00e4dare f\u00f6r Finska Missionss\u00e4llskapet, Bibels\u00e4llskapet, S\u00e5ningsmannen och Budb\u00e4rarna samt kyrkans missionssekreterare kom med. SLEY, SLEF och Folkmissionen var inte f\u00f6retr\u00e4dda men vi hade v\u00e4nskapliga kontakter ocks\u00e5 med dem. M\u00e5nga upplevde tr\u00e4ffen som uppmuntrande. [&hellip;]<\/p>\n","protected":false},"author":5,"featured_media":0,"comment_status":"closed","ping_status":"closed","sticky":false,"template":"","format":"standard","meta":{"site-sidebar-layout":"default","site-content-layout":"","ast-site-content-layout":"default","site-content-style":"default","site-sidebar-style":"default","ast-global-header-display":"","ast-banner-title-visibility":"","ast-main-header-display":"","ast-hfb-above-header-display":"","ast-hfb-below-header-display":"","ast-hfb-mobile-header-display":"","site-post-title":"","ast-breadcrumbs-content":"","ast-featured-img":"","footer-sml-layout":"","ast-disable-related-posts":"","theme-transparent-header-meta":"","adv-header-id-meta":"","stick-header-meta":"","header-above-stick-meta":"","header-main-stick-meta":"","header-below-stick-meta":"","astra-migrate-meta-layouts":"default","ast-page-background-enabled":"default","ast-page-background-meta":{"desktop":{"background-color":"","background-image":"","background-repeat":"repeat","background-position":"center center","background-size":"auto","background-attachment":"scroll","background-type":"","background-media":"","overlay-type":"","overlay-color":"","overlay-opacity":"","overlay-gradient":""},"tablet":{"background-color":"","background-image":"","background-repeat":"repeat","background-position":"center center","background-size":"auto","background-attachment":"scroll","background-type":"","background-media":"","overlay-type":"","overlay-color":"","overlay-opacity":"","overlay-gradient":""},"mobile":{"background-color":"","background-image":"","background-repeat":"repeat","background-position":"center center","background-size":"auto","background-attachment":"scroll","background-type":"","background-media":"","overlay-type":"","overlay-color":"","overlay-opacity":"","overlay-gradient":""}},"ast-content-background-meta":{"desktop":{"background-color":"var(--ast-global-color-5)","background-image":"","background-repeat":"repeat","background-position":"center center","background-size":"auto","background-attachment":"scroll","background-type":"","background-media":"","overlay-type":"","overlay-color":"","overlay-opacity":"","overlay-gradient":""},"tablet":{"background-color":"var(--ast-global-color-5)","background-image":"","background-repeat":"repeat","background-position":"center center","background-size":"auto","background-attachment":"scroll","background-type":"","background-media":"","overlay-type":"","overlay-color":"","overlay-opacity":"","overlay-gradient":""},"mobile":{"background-color":"var(--ast-global-color-5)","background-image":"","background-repeat":"repeat","background-position":"center center","background-size":"auto","background-attachment":"scroll","background-type":"","background-media":"","overlay-type":"","overlay-color":"","overlay-opacity":"","overlay-gradient":""}},"footnotes":""},"categories":[],"tags":[],"class_list":["post-62","post","type-post","status-publish","format-standard","hentry"],"jetpack_featured_media_url":"","_links":{"self":[{"href":"https:\/\/tulkaakaikki.net\/sv\/wp-json\/wp\/v2\/posts\/62","targetHints":{"allow":["GET"]}}],"collection":[{"href":"https:\/\/tulkaakaikki.net\/sv\/wp-json\/wp\/v2\/posts"}],"about":[{"href":"https:\/\/tulkaakaikki.net\/sv\/wp-json\/wp\/v2\/types\/post"}],"author":[{"embeddable":true,"href":"https:\/\/tulkaakaikki.net\/sv\/wp-json\/wp\/v2\/users\/5"}],"replies":[{"embeddable":true,"href":"https:\/\/tulkaakaikki.net\/sv\/wp-json\/wp\/v2\/comments?post=62"}],"version-history":[{"count":3,"href":"https:\/\/tulkaakaikki.net\/sv\/wp-json\/wp\/v2\/posts\/62\/revisions"}],"predecessor-version":[{"id":611,"href":"https:\/\/tulkaakaikki.net\/sv\/wp-json\/wp\/v2\/posts\/62\/revisions\/611"}],"wp:attachment":[{"href":"https:\/\/tulkaakaikki.net\/sv\/wp-json\/wp\/v2\/media?parent=62"}],"wp:term":[{"taxonomy":"category","embeddable":true,"href":"https:\/\/tulkaakaikki.net\/sv\/wp-json\/wp\/v2\/categories?post=62"},{"taxonomy":"post_tag","embeddable":true,"href":"https:\/\/tulkaakaikki.net\/sv\/wp-json\/wp\/v2\/tags?post=62"}],"curies":[{"name":"wp","href":"https:\/\/api.w.org\/{rel}","templated":true}]}}